{"id":3103,"date":"2025-09-04T13:01:59","date_gmt":"2025-09-04T13:01:59","guid":{"rendered":"https:\/\/daydo.ch\/peur-des-examens-comment-la-vaincre\/"},"modified":"2025-09-04T13:05:10","modified_gmt":"2025-09-04T13:05:10","slug":"peur-des-examens-comment-la-vaincre","status":"publish","type":"post","link":"https:\/\/daydo.ch\/fr\/peur-des-examens-comment-la-vaincre\/","title":{"rendered":"Peur des examens : comment la vaincre"},"content":{"rendered":"\n<p>Mains froides, tachycardie, black-out, \u00e7a te rappelle quelque chose ? Tu n&rsquo;es pas le seul dans ce cas. La peur des examens est pr\u00e9sente chez beaucoup d&rsquo;\u00e9l\u00e8ves, m\u00eame chez les tr\u00e8s bons. Important \u00e0 savoir : ce n&rsquo;est pas un signe de faiblesse, mais cela montre que quelque chose est vraiment important pour toi.<\/p>\n\n<h3 class=\"wp-block-heading\"><strong>1. qu&rsquo;est-ce qui se cache derri\u00e8re la peur des examens ?<\/strong><\/h3>\n\n<p>Ton corps se met en \u00ab\u00a0mode alarme\u00a0\u00bb et pense que c&rsquo;est une question de survie. Les hormones de stress te pr\u00e9parent \u00e0 la fuite ou au combat. Mais malheureusement, cela ne t&rsquo;aidera pas \u00e0 l&rsquo;\u00e9cole et encore moins avant un examen. Si tu comprends ce qui se passe, l&rsquo;effet est tout de suite moins fort et tu peux en outre agir de mani\u00e8re cibl\u00e9e.<\/p>\n\n<h3 class=\"wp-block-heading\"><strong>2. la pr\u00e9paration comme meilleur anti-stress<\/strong><\/h3>\n\n<p>Tu ne peux pas tout contr\u00f4ler, mais tu peux contr\u00f4ler beaucoup de choses. Celui qui comprend vraiment la mati\u00e8re et ne se contente pas de l&rsquo;apprendre par c\u0153ur, aborde automatiquement l&rsquo;examen plus d\u00e9tendu. Fais un plan d&rsquo;\u00e9tude, r\u00e9vise par petites portions et ne commence pas la veille. Tu trouveras plus de conseils ici : [Pr\u00e9paration \u00e0 l&rsquo;examen &#8211; DAYDO]<\/p>\n\n<h3 class=\"wp-block-heading\"><strong>3. penser de mani\u00e8re r\u00e9aliste au lieu de peindre des catastrophes<\/strong><\/h3>\n\n<p>Si tu te dis : \u00ab\u00a0Je vais s\u00fbrement \u00e9chouer\u00a0\u00bb, ton corps le ressentira aussi. Fais mieux et dis-toi<\/p>\n\n<ul class=\"wp-block-list\">\n<li>J&rsquo;ai appris et je fais de mon mieux.<\/li>\n\n\n\n<li>Aujourd&rsquo;hui, je montre ce que je sais faire.<\/li>\n\n\n\n<li>Peut-\u00eatre que je ne peux pas tout faire, mais je peux d\u00e9j\u00e0 faire beaucoup plus que la semaine derni\u00e8re.<\/li>\n\n\n\n<li>Mes connaissances sont l\u00e0 et j&rsquo;ai confiance en elles.<\/li>\n\n\n\n<li>Je reste calme et j&rsquo;avance pas \u00e0 pas.<\/li>\n<\/ul>\n\n<p>Cela semble simple, mais c&rsquo;est prouv\u00e9 : Les pens\u00e9es positives sont tr\u00e8s efficaces contre la panique, l&rsquo;anxi\u00e9t\u00e9 ou l&rsquo;ins\u00e9curit\u00e9.<\/p>\n\n<h3 class=\"wp-block-heading\"><strong>4. techniques de respiration et petits rituels<\/strong><\/h3>\n\n<p>Inspirer pendant quatre secondes, expirer pendant quatre secondes, cela apporte le calme. Ou essaie un rituel : boire un peu d&rsquo;eau, rel\u00e2cher les \u00e9paules, un mantra dans la t\u00eate (\u00ab\u00a0je peux le faire\u00a0\u00bb). Ton corps comprend : Tout est au vert.<\/p>\n\n<h3 class=\"wp-block-heading\"><strong>5. chercher du soutien<\/strong><\/h3>\n\n<p>Parle de ta peur avec tes amis, tes parents ou tes enseignants. Souvent, cela aide d\u00e9j\u00e0 d&rsquo;entendre : \u00ab\u00a0Tu n&rsquo;es pas seul dans ce cas\u00a0\u00bb. Et si \u00e7a devient vraiment intense, il y a des professionnels qui peuvent t&rsquo;aider.<\/p>\n\n<p><strong>Conclusion :<\/strong> la peur des examens est humaine, mais elle ne doit pas te bloquer. Avec une pr\u00e9paration structur\u00e9e, de bonnes pens\u00e9es et un peu d&rsquo;entra\u00eenement, tu peux apprendre \u00e0 rester calme. Tu es plus fort que ta peur des examens et il est possible de faire beaucoup plus que ce que tu penses. Essaye-le tout simplement !<\/p>\n","protected":false},"excerpt":{"rendered":"<p>Mains froides, tachycardie, black-out, \u00e7a te rappelle quelque chose ? Tu n&rsquo;es pas le seul dans ce cas. La peur des examens est pr\u00e9sente chez beaucoup d&rsquo;\u00e9l\u00e8ves, m\u00eame chez les tr\u00e8s bons. Important \u00e0 savoir : ce n&rsquo;est pas un signe de faiblesse, mais cela montre que quelque chose est vraiment important pour toi. 1. [&hellip;]<\/p>\n","protected":false},"author":2,"featured_media":3099,"comment_status":"open","ping_status":"open","sticky":false,"template":"","format":"standard","meta":{"inline_featured_image":false,"footnotes":""},"categories":[66],"tags":[],"class_list":["post-3103","post","type-post","status-publish","format-standard","has-post-thumbnail","hentry","category-codes-qr"],"yoast_head":"<!-- This site is optimized with the Yoast SEO plugin v27.2 - https:\/\/yoast.com\/product\/yoast-seo-wordpress\/ -->\n<title>Peur des examens : comment la vaincre - DAYDO<\/title>\n<meta name=\"robots\" content=\"index, follow, max-snippet:-1, max-image-preview:large, max-video-preview:-1\" \/>\n<link rel=\"canonical\" href=\"https:\/\/daydo.ch\/fr\/peur-des-examens-comment-la-vaincre\/\" \/>\n<meta property=\"og:locale\" content=\"fr_FR\" \/>\n<meta property=\"og:type\" content=\"article\" \/>\n<meta property=\"og:title\" content=\"Peur des examens : comment la vaincre - DAYDO\" \/>\n<meta property=\"og:description\" content=\"Mains froides, tachycardie, black-out, \u00e7a te rappelle quelque chose ? Tu n&rsquo;es pas le seul dans ce cas. La peur des examens est pr\u00e9sente chez beaucoup d&rsquo;\u00e9l\u00e8ves, m\u00eame chez les tr\u00e8s bons. Important \u00e0 savoir : ce n&rsquo;est pas un signe de faiblesse, mais cela montre que quelque chose est vraiment important pour toi. 1. [&hellip;]\" \/>\n<meta property=\"og:url\" content=\"https:\/\/daydo.ch\/fr\/peur-des-examens-comment-la-vaincre\/\" \/>\n<meta property=\"og:site_name\" content=\"DAYDO\" \/>\n<meta property=\"article:published_time\" content=\"2025-09-04T13:01:59+00:00\" \/>\n<meta property=\"article:modified_time\" content=\"2025-09-04T13:05:10+00:00\" \/>\n<meta property=\"og:image\" content=\"https:\/\/daydo.ch\/wp-content\/uploads\/2025\/09\/impossible.jpg\" \/>\n\t<meta property=\"og:image:width\" content=\"2560\" \/>\n\t<meta property=\"og:image:height\" content=\"1485\" \/>\n\t<meta property=\"og:image:type\" content=\"image\/jpeg\" \/>\n<meta name=\"author\" content=\"Dejan Lukic\" \/>\n<meta name=\"twitter:card\" content=\"summary_large_image\" \/>\n<meta name=\"twitter:label1\" content=\"\u00c9crit par\" \/>\n\t<meta name=\"twitter:data1\" content=\"Dejan Lukic\" \/>\n\t<meta name=\"twitter:label2\" content=\"Dur\u00e9e de lecture estim\u00e9e\" \/>\n\t<meta name=\"twitter:data2\" content=\"2 minutes\" \/>\n<script type=\"application\/ld+json\" class=\"yoast-schema-graph\">{\"@context\":\"https:\/\/schema.org\",\"@graph\":[{\"@type\":\"Article\",\"@id\":\"https:\/\/daydo.ch\/fr\/peur-des-examens-comment-la-vaincre\/#article\",\"isPartOf\":{\"@id\":\"https:\/\/daydo.ch\/fr\/peur-des-examens-comment-la-vaincre\/\"},\"author\":{\"name\":\"Dejan Lukic\",\"@id\":\"https:\/\/daydo.ch\/fr\/#\/schema\/person\/38436da6c3e83d6413c032e3b88342fa\"},\"headline\":\"Peur des examens : comment la vaincre\",\"datePublished\":\"2025-09-04T13:01:59+00:00\",\"dateModified\":\"2025-09-04T13:05:10+00:00\",\"mainEntityOfPage\":{\"@id\":\"https:\/\/daydo.ch\/fr\/peur-des-examens-comment-la-vaincre\/\"},\"wordCount\":484,\"commentCount\":0,\"image\":{\"@id\":\"https:\/\/daydo.ch\/fr\/peur-des-examens-comment-la-vaincre\/#primaryimage\"},\"thumbnailUrl\":\"https:\/\/daydo.ch\/wp-content\/uploads\/2025\/09\/impossible.jpg\",\"articleSection\":[\"Codes QR\"],\"inLanguage\":\"fr-FR\",\"potentialAction\":[{\"@type\":\"CommentAction\",\"name\":\"Comment\",\"target\":[\"https:\/\/daydo.ch\/fr\/peur-des-examens-comment-la-vaincre\/#respond\"]}]},{\"@type\":\"WebPage\",\"@id\":\"https:\/\/daydo.ch\/fr\/peur-des-examens-comment-la-vaincre\/\",\"url\":\"https:\/\/daydo.ch\/fr\/peur-des-examens-comment-la-vaincre\/\",\"name\":\"Peur des examens : comment la vaincre - DAYDO\",\"isPartOf\":{\"@id\":\"https:\/\/daydo.ch\/fr\/#website\"},\"primaryImageOfPage\":{\"@id\":\"https:\/\/daydo.ch\/fr\/peur-des-examens-comment-la-vaincre\/#primaryimage\"},\"image\":{\"@id\":\"https:\/\/daydo.ch\/fr\/peur-des-examens-comment-la-vaincre\/#primaryimage\"},\"thumbnailUrl\":\"https:\/\/daydo.ch\/wp-content\/uploads\/2025\/09\/impossible.jpg\",\"datePublished\":\"2025-09-04T13:01:59+00:00\",\"dateModified\":\"2025-09-04T13:05:10+00:00\",\"author\":{\"@id\":\"https:\/\/daydo.ch\/fr\/#\/schema\/person\/38436da6c3e83d6413c032e3b88342fa\"},\"breadcrumb\":{\"@id\":\"https:\/\/daydo.ch\/fr\/peur-des-examens-comment-la-vaincre\/#breadcrumb\"},\"inLanguage\":\"fr-FR\",\"potentialAction\":[{\"@type\":\"ReadAction\",\"target\":[\"https:\/\/daydo.ch\/fr\/peur-des-examens-comment-la-vaincre\/\"]}]},{\"@type\":\"ImageObject\",\"inLanguage\":\"fr-FR\",\"@id\":\"https:\/\/daydo.ch\/fr\/peur-des-examens-comment-la-vaincre\/#primaryimage\",\"url\":\"https:\/\/daydo.ch\/wp-content\/uploads\/2025\/09\/impossible.jpg\",\"contentUrl\":\"https:\/\/daydo.ch\/wp-content\/uploads\/2025\/09\/impossible.jpg\",\"width\":2560,\"height\":1485},{\"@type\":\"BreadcrumbList\",\"@id\":\"https:\/\/daydo.ch\/fr\/peur-des-examens-comment-la-vaincre\/#breadcrumb\",\"itemListElement\":[{\"@type\":\"ListItem\",\"position\":1,\"name\":\"Startseite\",\"item\":\"https:\/\/daydo.ch\/fr\/\"},{\"@type\":\"ListItem\",\"position\":2,\"name\":\"Peur des examens : comment la vaincre\"}]},{\"@type\":\"WebSite\",\"@id\":\"https:\/\/daydo.ch\/fr\/#website\",\"url\":\"https:\/\/daydo.ch\/fr\/\",\"name\":\"DAYDO\",\"description\":\"\",\"potentialAction\":[{\"@type\":\"SearchAction\",\"target\":{\"@type\":\"EntryPoint\",\"urlTemplate\":\"https:\/\/daydo.ch\/fr\/?s={search_term_string}\"},\"query-input\":{\"@type\":\"PropertyValueSpecification\",\"valueRequired\":true,\"valueName\":\"search_term_string\"}}],\"inLanguage\":\"fr-FR\"},{\"@type\":\"Person\",\"@id\":\"https:\/\/daydo.ch\/fr\/#\/schema\/person\/38436da6c3e83d6413c032e3b88342fa\",\"name\":\"Dejan Lukic\",\"image\":{\"@type\":\"ImageObject\",\"inLanguage\":\"fr-FR\",\"@id\":\"https:\/\/secure.gravatar.com\/avatar\/9ec06fb01f4e6bddc4b02e442463695532d1fa56b18f44a7376a77c89b2a49b3?s=96&d=mm&r=g\",\"url\":\"https:\/\/secure.gravatar.com\/avatar\/9ec06fb01f4e6bddc4b02e442463695532d1fa56b18f44a7376a77c89b2a49b3?s=96&d=mm&r=g\",\"contentUrl\":\"https:\/\/secure.gravatar.com\/avatar\/9ec06fb01f4e6bddc4b02e442463695532d1fa56b18f44a7376a77c89b2a49b3?s=96&d=mm&r=g\",\"caption\":\"Dejan Lukic\"},\"description\":\"Ich bin leidenschaftlicher Lerner, Lehrer und Pr\u00fcfungsexperte mit langj\u00e4hriger Erfahrung in der Bildung und Wirtschaft. Ich entdecke gerne Neues und teile mein Wissen mit anderen. In meiner Freizeit finde ich den perfekten Ausgleich in der Natur, wo ich gerne Sport treibe und neue Energie tanke.\",\"url\":\"https:\/\/daydo.ch\/fr\/author\/dejan\/\"}]}<\/script>\n<!-- \/ Yoast SEO plugin. -->","yoast_head_json":{"title":"Peur des examens : comment la vaincre - DAYDO","robots":{"index":"index","follow":"follow","max-snippet":"max-snippet:-1","max-image-preview":"max-image-preview:large","max-video-preview":"max-video-preview:-1"},"canonical":"https:\/\/daydo.ch\/fr\/peur-des-examens-comment-la-vaincre\/","og_locale":"fr_FR","og_type":"article","og_title":"Peur des examens : comment la vaincre - DAYDO","og_description":"Mains froides, tachycardie, black-out, \u00e7a te rappelle quelque chose ? Tu n&rsquo;es pas le seul dans ce cas. La peur des examens est pr\u00e9sente chez beaucoup d&rsquo;\u00e9l\u00e8ves, m\u00eame chez les tr\u00e8s bons. Important \u00e0 savoir : ce n&rsquo;est pas un signe de faiblesse, mais cela montre que quelque chose est vraiment important pour toi. 1. [&hellip;]","og_url":"https:\/\/daydo.ch\/fr\/peur-des-examens-comment-la-vaincre\/","og_site_name":"DAYDO","article_published_time":"2025-09-04T13:01:59+00:00","article_modified_time":"2025-09-04T13:05:10+00:00","og_image":[{"width":2560,"height":1485,"url":"https:\/\/daydo.ch\/wp-content\/uploads\/2025\/09\/impossible.jpg","type":"image\/jpeg"}],"author":"Dejan Lukic","twitter_card":"summary_large_image","twitter_misc":{"\u00c9crit par":"Dejan Lukic","Dur\u00e9e de lecture estim\u00e9e":"2 minutes"},"schema":{"@context":"https:\/\/schema.org","@graph":[{"@type":"Article","@id":"https:\/\/daydo.ch\/fr\/peur-des-examens-comment-la-vaincre\/#article","isPartOf":{"@id":"https:\/\/daydo.ch\/fr\/peur-des-examens-comment-la-vaincre\/"},"author":{"name":"Dejan Lukic","@id":"https:\/\/daydo.ch\/fr\/#\/schema\/person\/38436da6c3e83d6413c032e3b88342fa"},"headline":"Peur des examens : comment la vaincre","datePublished":"2025-09-04T13:01:59+00:00","dateModified":"2025-09-04T13:05:10+00:00","mainEntityOfPage":{"@id":"https:\/\/daydo.ch\/fr\/peur-des-examens-comment-la-vaincre\/"},"wordCount":484,"commentCount":0,"image":{"@id":"https:\/\/daydo.ch\/fr\/peur-des-examens-comment-la-vaincre\/#primaryimage"},"thumbnailUrl":"https:\/\/daydo.ch\/wp-content\/uploads\/2025\/09\/impossible.jpg","articleSection":["Codes QR"],"inLanguage":"fr-FR","potentialAction":[{"@type":"CommentAction","name":"Comment","target":["https:\/\/daydo.ch\/fr\/peur-des-examens-comment-la-vaincre\/#respond"]}]},{"@type":"WebPage","@id":"https:\/\/daydo.ch\/fr\/peur-des-examens-comment-la-vaincre\/","url":"https:\/\/daydo.ch\/fr\/peur-des-examens-comment-la-vaincre\/","name":"Peur des examens : comment la vaincre - DAYDO","isPartOf":{"@id":"https:\/\/daydo.ch\/fr\/#website"},"primaryImageOfPage":{"@id":"https:\/\/daydo.ch\/fr\/peur-des-examens-comment-la-vaincre\/#primaryimage"},"image":{"@id":"https:\/\/daydo.ch\/fr\/peur-des-examens-comment-la-vaincre\/#primaryimage"},"thumbnailUrl":"https:\/\/daydo.ch\/wp-content\/uploads\/2025\/09\/impossible.jpg","datePublished":"2025-09-04T13:01:59+00:00","dateModified":"2025-09-04T13:05:10+00:00","author":{"@id":"https:\/\/daydo.ch\/fr\/#\/schema\/person\/38436da6c3e83d6413c032e3b88342fa"},"breadcrumb":{"@id":"https:\/\/daydo.ch\/fr\/peur-des-examens-comment-la-vaincre\/#breadcrumb"},"inLanguage":"fr-FR","potentialAction":[{"@type":"ReadAction","target":["https:\/\/daydo.ch\/fr\/peur-des-examens-comment-la-vaincre\/"]}]},{"@type":"ImageObject","inLanguage":"fr-FR","@id":"https:\/\/daydo.ch\/fr\/peur-des-examens-comment-la-vaincre\/#primaryimage","url":"https:\/\/daydo.ch\/wp-content\/uploads\/2025\/09\/impossible.jpg","contentUrl":"https:\/\/daydo.ch\/wp-content\/uploads\/2025\/09\/impossible.jpg","width":2560,"height":1485},{"@type":"BreadcrumbList","@id":"https:\/\/daydo.ch\/fr\/peur-des-examens-comment-la-vaincre\/#breadcrumb","itemListElement":[{"@type":"ListItem","position":1,"name":"Startseite","item":"https:\/\/daydo.ch\/fr\/"},{"@type":"ListItem","position":2,"name":"Peur des examens : comment la vaincre"}]},{"@type":"WebSite","@id":"https:\/\/daydo.ch\/fr\/#website","url":"https:\/\/daydo.ch\/fr\/","name":"DAYDO","description":"","potentialAction":[{"@type":"SearchAction","target":{"@type":"EntryPoint","urlTemplate":"https:\/\/daydo.ch\/fr\/?s={search_term_string}"},"query-input":{"@type":"PropertyValueSpecification","valueRequired":true,"valueName":"search_term_string"}}],"inLanguage":"fr-FR"},{"@type":"Person","@id":"https:\/\/daydo.ch\/fr\/#\/schema\/person\/38436da6c3e83d6413c032e3b88342fa","name":"Dejan Lukic","image":{"@type":"ImageObject","inLanguage":"fr-FR","@id":"https:\/\/secure.gravatar.com\/avatar\/9ec06fb01f4e6bddc4b02e442463695532d1fa56b18f44a7376a77c89b2a49b3?s=96&d=mm&r=g","url":"https:\/\/secure.gravatar.com\/avatar\/9ec06fb01f4e6bddc4b02e442463695532d1fa56b18f44a7376a77c89b2a49b3?s=96&d=mm&r=g","contentUrl":"https:\/\/secure.gravatar.com\/avatar\/9ec06fb01f4e6bddc4b02e442463695532d1fa56b18f44a7376a77c89b2a49b3?s=96&d=mm&r=g","caption":"Dejan Lukic"},"description":"Ich bin leidenschaftlicher Lerner, Lehrer und Pr\u00fcfungsexperte mit langj\u00e4hriger Erfahrung in der Bildung und Wirtschaft. Ich entdecke gerne Neues und teile mein Wissen mit anderen. In meiner Freizeit finde ich den perfekten Ausgleich in der Natur, wo ich gerne Sport treibe und neue Energie tanke.","url":"https:\/\/daydo.ch\/fr\/author\/dejan\/"}]}},"jetpack_featured_media_url":"https:\/\/daydo.ch\/wp-content\/uploads\/2025\/09\/impossible.jpg","_links":{"self":[{"href":"https:\/\/daydo.ch\/fr\/wp-json\/wp\/v2\/posts\/3103","targetHints":{"allow":["GET"]}}],"collection":[{"href":"https:\/\/daydo.ch\/fr\/wp-json\/wp\/v2\/posts"}],"about":[{"href":"https:\/\/daydo.ch\/fr\/wp-json\/wp\/v2\/types\/post"}],"author":[{"embeddable":true,"href":"https:\/\/daydo.ch\/fr\/wp-json\/wp\/v2\/users\/2"}],"replies":[{"embeddable":true,"href":"https:\/\/daydo.ch\/fr\/wp-json\/wp\/v2\/comments?post=3103"}],"version-history":[{"count":1,"href":"https:\/\/daydo.ch\/fr\/wp-json\/wp\/v2\/posts\/3103\/revisions"}],"predecessor-version":[{"id":3104,"href":"https:\/\/daydo.ch\/fr\/wp-json\/wp\/v2\/posts\/3103\/revisions\/3104"}],"wp:featuredmedia":[{"embeddable":true,"href":"https:\/\/daydo.ch\/fr\/wp-json\/wp\/v2\/media\/3099"}],"wp:attachment":[{"href":"https:\/\/daydo.ch\/fr\/wp-json\/wp\/v2\/media?parent=3103"}],"wp:term":[{"taxonomy":"category","embeddable":true,"href":"https:\/\/daydo.ch\/fr\/wp-json\/wp\/v2\/categories?post=3103"},{"taxonomy":"post_tag","embeddable":true,"href":"https:\/\/daydo.ch\/fr\/wp-json\/wp\/v2\/tags?post=3103"}],"curies":[{"name":"wp","href":"https:\/\/api.w.org\/{rel}","templated":true}]}}